{"id":2483,"date":"2019-07-03T10:35:54","date_gmt":"2019-07-03T08:35:54","guid":{"rendered":"http:\/\/www.grouperossignol.com\/en\/?p=2483"},"modified":"2019-10-16T10:36:14","modified_gmt":"2019-10-16T08:36:14","slug":"rossignol-annonce-louverture-de-sa-premiere-boutique-en-autriche","status":"publish","type":"post","link":"https:\/\/www.grouperossignol.com\/en\/rossignol-annonce-louverture-de-sa-premiere-boutique-en-autriche\/","title":{"rendered":"ROSSIGNOL ANNOUNCES A NEW STORE OPENING IN AUSTRIA"},"content":{"rendered":"<p style=\"text-align: justify;\">Following the successful opening of its two prestigious stores in the center of Paris, and the one in North America, in the famous historic ski resort of Aspen, the brand continues its development in the Alpine Arc. This new expansion project is concretized by t<strong>he opening of a store in Innsbruck<\/strong>, considered as the capital of the Alps, in Austria<\/p>\n<div id=\"attachment_3019\" style=\"width: 211px\" class=\"wp-caption aligncenter\"><img aria-describedby=\"caption-attachment-3019\" loading=\"lazy\" class=\"size-medium wp-image-3019\" src=\"http:\/\/www.grouperossignol.com\/wp-content\/uploads\/2019\/10\/Rossignol-Innsbruck_MG_5510-small_ok-201x300.jpg\" alt=\"\" width=\"201\" height=\"300\" \/><p id=\"caption-attachment-3019\" class=\"wp-caption-text\">Golden Roof Store Rossignol<\/p><\/div>\n<p><strong>Rossignol<\/strong> confirms its willingness to expand its retail network in Europe and pursuits its development strategy in cities, by inaugurating a new 165 sqm store in Innsbruck\u2019s downtown. A space inspired by authenticity, audacity and elegance, key values of Rossignol, the transalpine brand founded in 1907 by <strong>Abel Rossignol<\/strong>.<\/p>\n<p><img loading=\"lazy\" class=\"aligncenter size-medium wp-image-3018\" src=\"http:\/\/www.grouperossignol.com\/wp-content\/uploads\/2019\/10\/Rossignol-Innsbruck_MG_5473-small_ok-300x200.jpg\" alt=\"\" width=\"300\" height=\"200\" \/><\/p>\n<p>Located near the famous <strong>\u00ab\u00a0Golden Roof\u00a0\u00bb<\/strong>, a Gothic-style balcony symbol of the city, <strong>the Rossignol store<\/strong> has opened on June 19th, in Herzog Friedrich Stra\u00dfe 20. In this prestigious location, when entering the store, the visitor will experience the Alpine world of Rossignol with a mountain landscape background, feeling the fresh atmosphere of the nature in the heart of the city.<\/p>\n<p>In the store, the brand\u2019s sport heritage and the collections\u2019 contemporary style merge in a rich and unique buying experience. The boutique hosts the entire assortment of the <strong>apparel collections<\/strong>, from skiwear to urban wear, footwear and accessories, as well as a \u00ab\u00a0premium\u00a0\u00bb selection of technical equipment.<\/p>\n<p><img loading=\"lazy\" class=\"aligncenter size-medium wp-image-3016\" src=\"http:\/\/www.grouperossignol.com\/wp-content\/uploads\/2019\/10\/Rossignol-Innsbruck_MG_5384-small_ok-300x198.jpg\" alt=\"\" width=\"300\" height=\"198\" \/><\/p>\n<p>The 2-floors store is located in the heart of a Baroque building, easily identifiable with its balconies and historic arches. From the inside, the store\u2019s concept takes inspiration from the DNA of the French brand and underlines its intrinsic bond to the mountain, while reinterpreting its sporty soul in a sophisticated and elegant way. This legacy translates into impressive architectural elements and into the innovative use of traditional materials, such as weathered larch, slate stone and black iron, originally used at the company headquarters in Saint Jean de Moirans (Grenoble, France).<\/p>\n<p>&nbsp;<\/p>\n<p>The staircase is characterized by the original \u00ab\u00a0all-over\u00a0\u00bb print of the iconic tricolor rooster, the famous logo that celebrates the brand&rsquo;s values of authenticity and modernity, by reinterpreting its sporty soul with elegance.<\/p>\n<p>&nbsp;<\/p>\n<p>This opening completes the network of mono-brand stores already established in Paris, Lyon, Oslo and located in the heart of the most emblematic alpine ski resorts Chamonix, Meg\u00e8ve, Val Thorens, Meribel, Courchevel, St. Moritz, Crans Montana and Aspen.<\/p>\n<p>&nbsp;<\/p>\n<p>As every year during the last October weekend, rendez-vous for the Alpine Ski World Cup in S\u00f6lden.<\/p>\n<p>&nbsp;<\/p>\n<p>In this occasion, Rossignol will take advantage of its proximity to the Austrian Alps and the emblematic ski resort to inaugurate its Innsbruck store, and present a preview of its new HERO range, at the presence of athletes, friends of the brand and the media. This will be the opportunity to celebrate the store opening and the new FW collections. The new HERO styles are directly inspired by racing, taking over the symbols, easily identifiable by ski racing lovers: from the lightning green indicating the leading skier, to the bright red stripes inspired by the iconic Hero race skis.<\/p>\n<p><img loading=\"lazy\" class=\"aligncenter size-medium wp-image-3017\" src=\"http:\/\/www.grouperossignol.com\/wp-content\/uploads\/2019\/10\/Rossignol-Innsbruck_MG_5391-small_ok-200x300.jpg\" alt=\"\" width=\"200\" height=\"300\" \/><\/p>\n","protected":false},"excerpt":{"rendered":"<p>Following the successful opening of its two prestigious stores in the center of Paris, and the one in North America, in&#8230;<\/p>\n","protected":false},"author":2,"featured_media":2484,"comment_status":"closed","ping_status":"open","sticky":false,"template":"","format":"standard","meta":[],"categories":[58,65],"tags":[],"yoast_head":"<!-- This site is optimized with the Yoast SEO plugin v18.8 - https:\/\/yoast.com\/wordpress\/plugins\/seo\/ -->\n<title>ROSSIGNOL ANNOUNCES A NEW STORE OPENING IN AUSTRIA - Rossignol Group<\/title>\n<meta name=\"robots\" content=\"index, follow, max-snippet:-1, max-image-preview:large, max-video-preview:-1\" \/>\n<link rel=\"canonical\" href=\"https:\/\/www.grouperossignol.com\/en\/rossignol-annonce-louverture-de-sa-premiere-boutique-en-autriche\/\" \/>\n<meta property=\"og:locale\" content=\"fr_FR\" \/>\n<meta property=\"og:type\" content=\"article\" \/>\n<meta property=\"og:title\" content=\"ROSSIGNOL ANNOUNCES A NEW STORE OPENING IN AUSTRIA - Rossignol Group\" \/>\n<meta property=\"og:description\" content=\"Following the successful opening of its two prestigious stores in the center of Paris, and the one in North America, in...\" \/>\n<meta property=\"og:url\" content=\"https:\/\/www.grouperossignol.com\/en\/rossignol-annonce-louverture-de-sa-premiere-boutique-en-autriche\/\" \/>\n<meta property=\"og:site_name\" content=\"Rossignol Group\" \/>\n<meta property=\"article:published_time\" content=\"2019-07-03T08:35:54+00:00\" \/>\n<meta property=\"article:modified_time\" content=\"2019-10-16T08:36:14+00:00\" \/>\n<meta property=\"og:image\" content=\"https:\/\/www.grouperossignol.com\/en\/wp-content\/uploads\/sites\/2\/2019\/10\/201910Rossignol-Innsbruck_MG_5473-small_ok.jpg\" \/>\n\t<meta property=\"og:image:width\" content=\"2048\" \/>\n\t<meta property=\"og:image:height\" content=\"1365\" \/>\n\t<meta property=\"og:image:type\" content=\"image\/jpeg\" \/>\n<meta name=\"twitter:card\" content=\"summary_large_image\" \/>\n<meta name=\"twitter:label1\" content=\"\u00c9crit par\" \/>\n\t<meta name=\"twitter:data1\" content=\"Aur\u00e9lie Besson\" \/>\n\t<meta name=\"twitter:label2\" content=\"Dur\u00e9e de lecture estim\u00e9e\" \/>\n\t<meta name=\"twitter:data2\" content=\"3 minutes\" \/>\n<script type=\"application\/ld+json\" class=\"yoast-schema-graph\">{\"@context\":\"https:\/\/schema.org\",\"@graph\":[{\"@type\":\"WebSite\",\"@id\":\"https:\/\/www.grouperossignol.com\/en\/#website\",\"url\":\"https:\/\/www.grouperossignol.com\/en\/\",\"name\":\"Rossignol Group\",\"description\":\"Another Best Day\",\"potentialAction\":[{\"@type\":\"SearchAction\",\"target\":{\"@type\":\"EntryPoint\",\"urlTemplate\":\"https:\/\/www.grouperossignol.com\/en\/?s={search_term_string}\"},\"query-input\":\"required name=search_term_string\"}],\"inLanguage\":\"fr-FR\"},{\"@type\":\"ImageObject\",\"inLanguage\":\"fr-FR\",\"@id\":\"https:\/\/www.grouperossignol.com\/en\/rossignol-annonce-louverture-de-sa-premiere-boutique-en-autriche\/#primaryimage\",\"url\":\"https:\/\/www.grouperossignol.com\/en\/wp-content\/uploads\/sites\/2\/2019\/10\/201910Rossignol-Innsbruck_MG_5473-small_ok.jpg\",\"contentUrl\":\"https:\/\/www.grouperossignol.com\/en\/wp-content\/uploads\/sites\/2\/2019\/10\/201910Rossignol-Innsbruck_MG_5473-small_ok.jpg\",\"width\":2048,\"height\":1365},{\"@type\":\"WebPage\",\"@id\":\"https:\/\/www.grouperossignol.com\/en\/rossignol-annonce-louverture-de-sa-premiere-boutique-en-autriche\/#webpage\",\"url\":\"https:\/\/www.grouperossignol.com\/en\/rossignol-annonce-louverture-de-sa-premiere-boutique-en-autriche\/\",\"name\":\"ROSSIGNOL ANNOUNCES A NEW STORE OPENING IN AUSTRIA - Rossignol Group\",\"isPartOf\":{\"@id\":\"https:\/\/www.grouperossignol.com\/en\/#website\"},\"primaryImageOfPage\":{\"@id\":\"https:\/\/www.grouperossignol.com\/en\/rossignol-annonce-louverture-de-sa-premiere-boutique-en-autriche\/#primaryimage\"},\"datePublished\":\"2019-07-03T08:35:54+00:00\",\"dateModified\":\"2019-10-16T08:36:14+00:00\",\"author\":{\"@id\":\"https:\/\/www.grouperossignol.com\/en\/#\/schema\/person\/e1e2b3c557af5f485721fe34d270137d\"},\"breadcrumb\":{\"@id\":\"https:\/\/www.grouperossignol.com\/en\/rossignol-annonce-louverture-de-sa-premiere-boutique-en-autriche\/#breadcrumb\"},\"inLanguage\":\"fr-FR\",\"potentialAction\":[{\"@type\":\"ReadAction\",\"target\":[\"https:\/\/www.grouperossignol.com\/en\/rossignol-annonce-louverture-de-sa-premiere-boutique-en-autriche\/\"]}]},{\"@type\":\"BreadcrumbList\",\"@id\":\"https:\/\/www.grouperossignol.com\/en\/rossignol-annonce-louverture-de-sa-premiere-boutique-en-autriche\/#breadcrumb\",\"itemListElement\":[{\"@type\":\"ListItem\",\"position\":1,\"name\":\"Home\",\"item\":\"https:\/\/www.grouperossignol.com\/en\/\"},{\"@type\":\"ListItem\",\"position\":2,\"name\":\"ROSSIGNOL ANNOUNCES A NEW STORE OPENING IN AUSTRIA\"}]},{\"@type\":\"Person\",\"@id\":\"https:\/\/www.grouperossignol.com\/en\/#\/schema\/person\/e1e2b3c557af5f485721fe34d270137d\",\"name\":\"Aur\u00e9lie Besson\",\"image\":{\"@type\":\"ImageObject\",\"inLanguage\":\"fr-FR\",\"@id\":\"https:\/\/www.grouperossignol.com\/en\/#\/schema\/person\/image\/\",\"url\":\"https:\/\/secure.gravatar.com\/avatar\/896327c85155a9da9dc9d35123340c1a?s=96&d=mm&r=g\",\"contentUrl\":\"https:\/\/secure.gravatar.com\/avatar\/896327c85155a9da9dc9d35123340c1a?s=96&d=mm&r=g\",\"caption\":\"Aur\u00e9lie Besson\"},\"url\":\"https:\/\/www.grouperossignol.com\/en\/author\/aurelieb\/\"}]}<\/script>\n<!-- \/ Yoast SEO plugin. -->","yoast_head_json":{"title":"ROSSIGNOL ANNOUNCES A NEW STORE OPENING IN AUSTRIA - Rossignol Group","robots":{"index":"index","follow":"follow","max-snippet":"max-snippet:-1","max-image-preview":"max-image-preview:large","max-video-preview":"max-video-preview:-1"},"canonical":"https:\/\/www.grouperossignol.com\/en\/rossignol-annonce-louverture-de-sa-premiere-boutique-en-autriche\/","og_locale":"fr_FR","og_type":"article","og_title":"ROSSIGNOL ANNOUNCES A NEW STORE OPENING IN AUSTRIA - Rossignol Group","og_description":"Following the successful opening of its two prestigious stores in the center of Paris, and the one in North America, in...","og_url":"https:\/\/www.grouperossignol.com\/en\/rossignol-annonce-louverture-de-sa-premiere-boutique-en-autriche\/","og_site_name":"Rossignol Group","article_published_time":"2019-07-03T08:35:54+00:00","article_modified_time":"2019-10-16T08:36:14+00:00","og_image":[{"width":2048,"height":1365,"url":"https:\/\/www.grouperossignol.com\/en\/wp-content\/uploads\/sites\/2\/2019\/10\/201910Rossignol-Innsbruck_MG_5473-small_ok.jpg","type":"image\/jpeg"}],"twitter_card":"summary_large_image","twitter_misc":{"\u00c9crit par":"Aur\u00e9lie Besson","Dur\u00e9e de lecture estim\u00e9e":"3 minutes"},"schema":{"@context":"https:\/\/schema.org","@graph":[{"@type":"WebSite","@id":"https:\/\/www.grouperossignol.com\/en\/#website","url":"https:\/\/www.grouperossignol.com\/en\/","name":"Rossignol Group","description":"Another Best Day","potentialAction":[{"@type":"SearchAction","target":{"@type":"EntryPoint","urlTemplate":"https:\/\/www.grouperossignol.com\/en\/?s={search_term_string}"},"query-input":"required name=search_term_string"}],"inLanguage":"fr-FR"},{"@type":"ImageObject","inLanguage":"fr-FR","@id":"https:\/\/www.grouperossignol.com\/en\/rossignol-annonce-louverture-de-sa-premiere-boutique-en-autriche\/#primaryimage","url":"https:\/\/www.grouperossignol.com\/en\/wp-content\/uploads\/sites\/2\/2019\/10\/201910Rossignol-Innsbruck_MG_5473-small_ok.jpg","contentUrl":"https:\/\/www.grouperossignol.com\/en\/wp-content\/uploads\/sites\/2\/2019\/10\/201910Rossignol-Innsbruck_MG_5473-small_ok.jpg","width":2048,"height":1365},{"@type":"WebPage","@id":"https:\/\/www.grouperossignol.com\/en\/rossignol-annonce-louverture-de-sa-premiere-boutique-en-autriche\/#webpage","url":"https:\/\/www.grouperossignol.com\/en\/rossignol-annonce-louverture-de-sa-premiere-boutique-en-autriche\/","name":"ROSSIGNOL ANNOUNCES A NEW STORE OPENING IN AUSTRIA - Rossignol Group","isPartOf":{"@id":"https:\/\/www.grouperossignol.com\/en\/#website"},"primaryImageOfPage":{"@id":"https:\/\/www.grouperossignol.com\/en\/rossignol-annonce-louverture-de-sa-premiere-boutique-en-autriche\/#primaryimage"},"datePublished":"2019-07-03T08:35:54+00:00","dateModified":"2019-10-16T08:36:14+00:00","author":{"@id":"https:\/\/www.grouperossignol.com\/en\/#\/schema\/person\/e1e2b3c557af5f485721fe34d270137d"},"breadcrumb":{"@id":"https:\/\/www.grouperossignol.com\/en\/rossignol-annonce-louverture-de-sa-premiere-boutique-en-autriche\/#breadcrumb"},"inLanguage":"fr-FR","potentialAction":[{"@type":"ReadAction","target":["https:\/\/www.grouperossignol.com\/en\/rossignol-annonce-louverture-de-sa-premiere-boutique-en-autriche\/"]}]},{"@type":"BreadcrumbList","@id":"https:\/\/www.grouperossignol.com\/en\/rossignol-annonce-louverture-de-sa-premiere-boutique-en-autriche\/#breadcrumb","itemListElement":[{"@type":"ListItem","position":1,"name":"Home","item":"https:\/\/www.grouperossignol.com\/en\/"},{"@type":"ListItem","position":2,"name":"ROSSIGNOL ANNOUNCES A NEW STORE OPENING IN AUSTRIA"}]},{"@type":"Person","@id":"https:\/\/www.grouperossignol.com\/en\/#\/schema\/person\/e1e2b3c557af5f485721fe34d270137d","name":"Aur\u00e9lie Besson","image":{"@type":"ImageObject","inLanguage":"fr-FR","@id":"https:\/\/www.grouperossignol.com\/en\/#\/schema\/person\/image\/","url":"https:\/\/secure.gravatar.com\/avatar\/896327c85155a9da9dc9d35123340c1a?s=96&d=mm&r=g","contentUrl":"https:\/\/secure.gravatar.com\/avatar\/896327c85155a9da9dc9d35123340c1a?s=96&d=mm&r=g","caption":"Aur\u00e9lie Besson"},"url":"https:\/\/www.grouperossignol.com\/en\/author\/aurelieb\/"}]}},"_links":{"self":[{"href":"https:\/\/www.grouperossignol.com\/en\/wp-json\/wp\/v2\/posts\/2483"}],"collection":[{"href":"https:\/\/www.grouperossignol.com\/en\/wp-json\/wp\/v2\/posts"}],"about":[{"href":"https:\/\/www.grouperossignol.com\/en\/wp-json\/wp\/v2\/types\/post"}],"author":[{"embeddable":true,"href":"https:\/\/www.grouperossignol.com\/en\/wp-json\/wp\/v2\/users\/2"}],"replies":[{"embeddable":true,"href":"https:\/\/www.grouperossignol.com\/en\/wp-json\/wp\/v2\/comments?post=2483"}],"version-history":[{"count":1,"href":"https:\/\/www.grouperossignol.com\/en\/wp-json\/wp\/v2\/posts\/2483\/revisions"}],"predecessor-version":[{"id":2485,"href":"https:\/\/www.grouperossignol.com\/en\/wp-json\/wp\/v2\/posts\/2483\/revisions\/2485"}],"wp:featuredmedia":[{"embeddable":true,"href":"https:\/\/www.grouperossignol.com\/en\/wp-json\/wp\/v2\/media\/2484"}],"wp:attachment":[{"href":"https:\/\/www.grouperossignol.com\/en\/wp-json\/wp\/v2\/media?parent=2483"}],"wp:term":[{"taxonomy":"category","embeddable":true,"href":"https:\/\/www.grouperossignol.com\/en\/wp-json\/wp\/v2\/categories?post=2483"},{"taxonomy":"post_tag","embeddable":true,"href":"https:\/\/www.grouperossignol.com\/en\/wp-json\/wp\/v2\/tags?post=2483"}],"curies":[{"name":"wp","href":"https:\/\/api.w.org\/{rel}","templated":true}]}}